
{"id":1099,"date":"2021-06-07T17:28:13","date_gmt":"2021-06-07T15:28:13","guid":{"rendered":"https:\/\/www.unirentalcar.it\/?p=1099"},"modified":"2021-06-09T11:08:57","modified_gmt":"2021-06-09T09:08:57","slug":"fermo-tecnico","status":"publish","type":"post","link":"https:\/\/www.unirentalcar.it\/indexphp\/2021\/06\/07\/fermo-tecnico\/","title":{"rendered":"Fermo tecnico"},"content":{"rendered":"\n<p>\u201cFermo tecnico\u201d \u00e8 il danno economico subito dal proprietario di un veicolo a seguito di un sinistro. Viene risarcita l\u2019impossibilit\u00e0 di utilizzare il mezzo per il tempo necessario alle riparazioni.<br>Tale danno si aggiunge al danno materiale subito a causa del danneggiamento del mezzo.<\/p>\n\n\n\n<h2>Quando l\u2019assicurato ne ha diritto?<\/h2>\n\n\n\n<p>La giurisprudenza si \u00e8 espressa pi\u00f9 volte e in maniera contraddittoria.<br>In passato il risarcimento del danno da fermo tecnico del veicolo \u00e8 stato riconosciuto a prescindere dall\u2019utilizzo che il proprietario fa del suo mezzo di trasporto.<br>Una sentenza pi\u00f9 recente della Corte di Cassazione ha, invece, ribadito che il danno da fermo tecnico deve essere dimostrato in maniera oggettiva.<br>La spesa sostenuta per procurarsi un\u2019auto sostitutiva e, di conseguenza, la perdita subita per la rinuncia forzata dei proventi ricavabili dall\u2019uso del proprio mezzo sono, dunque, prove ammissibili.<br>Non basta pi\u00f9, quindi, a titolo dimostrativo, la semplice indisponibilit\u00e0 del proprio veicolo.<\/p>\n\n\n\n<h2>Come richiederlo?<\/h2>\n\n\n\n<p>Consegna tutta la documentazione attestante il sinistro ad uno dei centri partner di Unirentalcar. Attraverso l\u2019istituto della cessione del credito: &#8220;Il credito al risarcimento di danni patrimoniali da sinistro stradale pu\u00f2 costituire oggetto di cessione, non essendo esso di natura strettamente personale n\u00e9 sussistendo specifico divieto normativo al riguardo&#8221;.<br>Questo ti permetter\u00e0 di noleggiare un veicolo senza alcun esborso di danaro, poich\u00e9 il costo del servizio sar\u00e0 totalmente risarcito dalla Compagnia di Assicurazione.<\/p>\n\n\n\n<div style=\"height:100px\" aria-hidden=\"true\" class=\"wp-block-spacer\"><\/div>\n\n\n<p>[vc_row full_width=&#8221;stretch_row_content_no_spaces&#8221; css=&#8221;.vc_custom_1472739625526{background-color: #f2f2f2 !important;}&#8221;][vc_column width=&#8221;1\/2&#8243;]<div class=\"columns_wrap sc_columns columns_fluid sc_columns_count_6\"><div class=\"column-2_6 sc_column_item sc_column_item_1 odd first span_2\"><\/div><div class=\"column-3_6 sc_column_item sc_column_item_3 odd span_3 after_span_2\"><div class=\"sc_section margin_top_null margin_right_null margin_bottom_null margin_left_null\"><div class=\"sc_section_inner\"><div class=\"sc_section_content_wrap\">[vc_empty_space height=&#8221;3.6em&#8221;]<h2 class=\"sc_title sc_title_regular margin_top_large margin_bottom_null\">Mettiti in contatto<\/h2>[vc_empty_space height=&#8221;2.7em&#8221;][vc_column_text]<div role=\"form\" class=\"wpcf7\" id=\"wpcf7-f1000-o1\" lang=\"en-US\" dir=\"ltr\">\n<div class=\"screen-reader-response\"><p role=\"status\" aria-live=\"polite\" aria-atomic=\"true\"><\/p> <ul><\/ul><\/div>\n<form action=\"\/index.php\/wp-json\/wp\/v2\/posts\/1099#wpcf7-f1000-o1\" method=\"post\" class=\"wpcf7-form init\" novalidate=\"novalidate\" data-status=\"init\">\n<div style=\"display: none;\">\n<input type=\"hidden\" name=\"_wpcf7\" value=\"1000\" \/>\n<input type=\"hidden\" name=\"_wpcf7_version\" value=\"5.4.1\" \/>\n<input type=\"hidden\" name=\"_wpcf7_locale\" value=\"en_US\" \/>\n<input type=\"hidden\" name=\"_wpcf7_unit_tag\" value=\"wpcf7-f1000-o1\" \/>\n<input type=\"hidden\" name=\"_wpcf7_container_post\" value=\"0\" \/>\n<input type=\"hidden\" name=\"_wpcf7_posted_data_hash\" value=\"\" \/>\n<\/div>\n<div class=\"columns_wrap\">\n<div class=\"column-1_2\"><span class=\"wpcf7-form-control-wrap nome\"><input type=\"text\" name=\"nome\" value=\"\" size=\"40\" class=\"wpcf7-form-control wpcf7-text wpcf7-validates-as-required\" aria-required=\"true\" aria-invalid=\"false\" placeholder=\"Nome\" \/><\/span><\/div>\n<div class=\"column-1_2\"><span class=\"wpcf7-form-control-wrap cognome\"><input type=\"text\" name=\"cognome\" value=\"\" size=\"40\" class=\"wpcf7-form-control wpcf7-text wpcf7-validates-as-required\" aria-required=\"true\" aria-invalid=\"false\" placeholder=\"Cognome\" \/><\/span><\/div>\n<\/div>\n<div class=\"columns_wrap\">\n<div class=\"column-1_2\"><span class=\"wpcf7-form-control-wrap email\"><input type=\"email\" name=\"email\" value=\"\" size=\"40\" class=\"wpcf7-form-control wpcf7-text wpcf7-email wpcf7-validates-as-required wpcf7-validates-as-email\" aria-required=\"true\" aria-invalid=\"false\" placeholder=\"E-mail\" \/><\/span><\/div>\n<div class=\"column-1_2\"><span class=\"wpcf7-form-control-wrap telefono\"><input type=\"tel\" name=\"telefono\" value=\"\" size=\"40\" class=\"wpcf7-form-control wpcf7-text wpcf7-tel wpcf7-validates-as-required wpcf7-validates-as-tel\" aria-required=\"true\" aria-invalid=\"false\" placeholder=\"Telefono\" \/><\/span><\/div>\n<\/div>\n<div class=\"columns_wrap\">\n<div class=\"column-1_1\"><span class=\"wpcf7-form-control-wrap textarea-message\"><textarea name=\"textarea-message\" cols=\"40\" rows=\"10\" class=\"wpcf7-form-control wpcf7-textarea wpcf7-validates-as-required\" aria-required=\"true\" aria-invalid=\"false\" placeholder=\"Richiesta\"><\/textarea><\/span><\/div>\n<\/div>\n<div class=\"columns_wrap sc_align_right\">\n<div class=\"column-1_1\">\n<input type=\"submit\" value=\"Invia\" class=\"wpcf7-form-control wpcf7-submit\" \/><\/div>\n<\/div>\n<div class=\"wpcf7-response-output\" aria-hidden=\"true\"><\/div><\/form><\/div>[\/vc_column_text][vc_empty_space height=&#8221;1.2em&#8221;][vc_column_text]<\/p>\n<p><!-- \/wp:paragraph --><!-- wp:paragraph --><\/p>\n<p style=\"text-align: right;\"><a href=\"https:\/\/www.unirentalcar.it\/index.php\/privacy-policy\/\">Privacy Policy<\/a><\/p>\n<p><!-- \/wp:paragraph --><!-- wp:paragraph --><\/p>\n<p>[\/vc_column_text]<\/div><\/div><\/div><\/div><div class=\"column-1_6 sc_column_item sc_column_item_6 even after_span_3\"><\/div><\/div>[\/vc_column][vc_column width=&#8221;1\/2&#8243;][vc_gmaps link=&#8221;#E-8_JTNDaWZyYW1lJTIwc3JjJTNEJTIyaHR0cHMlM0ElMkYlMkZ3d3cuZ29vZ2xlLmNvbSUyRm1hcHMlMkZlbWJlZCUzRnBiJTNEJTIxMW0xOCUyMTFtMTIlMjExbTMlMjExZDMxMTAuMzMxODU5ODgzMTg4NCUyMTJkMTYuNTY3NTM4MTE1NjEzNjIlMjEzZDM4Ljc3OTAyNTk2MTUxNzQyNiUyMTJtMyUyMTFmMCUyMTJmMCUyMTNmMCUyMTNtMiUyMTFpMTAyNCUyMTJpNzY4JTIxNGYxMy4xJTIxM20zJTIxMW0yJTIxMXMweDEzNmFhYTkwMDQyMDM1ZWQlMjUzQTB4YWVmY2YxNmQ2MDNhNWMxYSUyMTJzVmlhJTI1MjBMYWVydGUlMjUyQyUyNTIwMTclMjUyQyUyNTIwODgwNjklMjUyMFNxdWlsbGFjZSUyNTIwTGlkbyUyNTIwQ1olMjE1ZTAlMjEzbTIlMjExc2l0JTIxMnNpdCUyMTR2MTYyMzE0NzI5MDIxMyUyMTVtMiUyMTFzaXQlMjEyc2l0JTIyJTIwd2lkdGglM0QlMjI2MDAlMjIlMjBoZWlnaHQlM0QlMjI0NTAlMjIlMjBzdHlsZSUzRCUyMmJvcmRlciUzQTAlM0IlMjIlMjBhbGxvd2Z1bGxzY3JlZW4lM0QlMjIlMjIlMjBsb2FkaW5nJTNEJTIybGF6eSUyMiUzRSUzQyUyRmlmcmFtZSUzRQ==&#8221;][\/vc_column][\/vc_row]<\/p>","protected":false},"excerpt":{"rendered":"<p>\u201cFermo tecnico\u201d \u00e8 il danno economico subito dal proprietario di un veicolo a seguito di un sinistro. Viene risarcita l\u2019impossibilit\u00e0 di utilizzare il mezzo per il tempo necessario alle riparazioni.Tale danno si aggiunge al danno materiale subito a causa del danneggiamento del mezzo. Quando l\u2019assicurato ne ha diritto? La giurisprudenza si \u00e8 espressa pi\u00f9 volte [&hellip;]<\/p>\n","protected":false},"author":1,"featured_media":1101,"comment_status":"open","ping_status":"open","sticky":false,"template":"","format":"standard","meta":[],"categories":[40],"tags":[],"yoast_head":"<!-- This site is optimized with the Yoast SEO plugin v16.4 - https:\/\/yoast.com\/wordpress\/plugins\/seo\/ -->\n<title>Fermo tecnico - Unirentalcar<\/title>\n<meta name=\"robots\" content=\"index, follow, max-snippet:-1, max-image-preview:large, max-video-preview:-1\" \/>\n<link rel=\"canonical\" href=\"https:\/\/www.unirentalcar.it\/indexphp\/2021\/06\/07\/fermo-tecnico\/\" \/>\n<meta property=\"og:locale\" content=\"it_IT\" \/>\n<meta property=\"og:type\" content=\"article\" \/>\n<meta property=\"og:title\" content=\"Fermo tecnico - Unirentalcar\" \/>\n<meta property=\"og:description\" content=\"\u201cFermo tecnico\u201d \u00e8 il danno economico subito dal proprietario di un veicolo a seguito di un sinistro. Viene risarcita l\u2019impossibilit\u00e0 di utilizzare il mezzo per il tempo necessario alle riparazioni.Tale danno si aggiunge al danno materiale subito a causa del danneggiamento del mezzo. Quando l\u2019assicurato ne ha diritto? La giurisprudenza si \u00e8 espressa pi\u00f9 volte [&hellip;]\" \/>\n<meta property=\"og:url\" content=\"https:\/\/www.unirentalcar.it\/indexphp\/2021\/06\/07\/fermo-tecnico\/\" \/>\n<meta property=\"og:site_name\" content=\"Unirentalcar\" \/>\n<meta property=\"article:published_time\" content=\"2021-06-07T15:28:13+00:00\" \/>\n<meta property=\"article:modified_time\" content=\"2021-06-09T09:08:57+00:00\" \/>\n<meta property=\"og:image\" content=\"https:\/\/www.unirentalcar.it\/wp-content\/uploads\/2021\/06\/foto-1.jpg\" \/>\n\t<meta property=\"og:image:width\" content=\"1800\" \/>\n\t<meta property=\"og:image:height\" content=\"1200\" \/>\n<meta name=\"twitter:card\" content=\"summary_large_image\" \/>\n<meta name=\"twitter:label1\" content=\"Tempo di lettura stimato\" \/>\n\t<meta name=\"twitter:data1\" content=\"2 minuti\" \/>\n<script type=\"application\/ld+json\" class=\"yoast-schema-graph\">{\"@context\":\"https:\/\/schema.org\",\"@graph\":[{\"@type\":\"WebSite\",\"@id\":\"https:\/\/www.unirentalcar.it\/#website\",\"url\":\"https:\/\/www.unirentalcar.it\/\",\"name\":\"Unirentalcar\",\"description\":\"\",\"potentialAction\":[{\"@type\":\"SearchAction\",\"target\":\"https:\/\/www.unirentalcar.it\/?s={search_term_string}\",\"query-input\":\"required name=search_term_string\"}],\"inLanguage\":\"it-IT\"},{\"@type\":\"ImageObject\",\"@id\":\"https:\/\/www.unirentalcar.it\/indexphp\/2021\/06\/07\/fermo-tecnico\/#primaryimage\",\"inLanguage\":\"it-IT\",\"url\":\"https:\/\/www.unirentalcar.it\/wp-content\/uploads\/2021\/06\/foto-1.jpg\",\"contentUrl\":\"https:\/\/www.unirentalcar.it\/wp-content\/uploads\/2021\/06\/foto-1.jpg\",\"width\":1800,\"height\":1200,\"caption\":\"unirentalcar fermo tecnico\"},{\"@type\":\"WebPage\",\"@id\":\"https:\/\/www.unirentalcar.it\/indexphp\/2021\/06\/07\/fermo-tecnico\/#webpage\",\"url\":\"https:\/\/www.unirentalcar.it\/indexphp\/2021\/06\/07\/fermo-tecnico\/\",\"name\":\"Fermo tecnico - Unirentalcar\",\"isPartOf\":{\"@id\":\"https:\/\/www.unirentalcar.it\/#website\"},\"primaryImageOfPage\":{\"@id\":\"https:\/\/www.unirentalcar.it\/indexphp\/2021\/06\/07\/fermo-tecnico\/#primaryimage\"},\"datePublished\":\"2021-06-07T15:28:13+00:00\",\"dateModified\":\"2021-06-09T09:08:57+00:00\",\"author\":{\"@id\":\"https:\/\/www.unirentalcar.it\/#\/schema\/person\/8a97428ef97fc628dae4282be2c17646\"},\"breadcrumb\":{\"@id\":\"https:\/\/www.unirentalcar.it\/indexphp\/2021\/06\/07\/fermo-tecnico\/#breadcrumb\"},\"inLanguage\":\"it-IT\",\"potentialAction\":[{\"@type\":\"ReadAction\",\"target\":[\"https:\/\/www.unirentalcar.it\/indexphp\/2021\/06\/07\/fermo-tecnico\/\"]}]},{\"@type\":\"BreadcrumbList\",\"@id\":\"https:\/\/www.unirentalcar.it\/indexphp\/2021\/06\/07\/fermo-tecnico\/#breadcrumb\",\"itemListElement\":[{\"@type\":\"ListItem\",\"position\":1,\"item\":{\"@type\":\"WebPage\",\"@id\":\"https:\/\/www.unirentalcar.it\/\",\"url\":\"https:\/\/www.unirentalcar.it\/\",\"name\":\"Home\"}},{\"@type\":\"ListItem\",\"position\":2,\"item\":{\"@id\":\"https:\/\/www.unirentalcar.it\/indexphp\/2021\/06\/07\/fermo-tecnico\/#webpage\"}}]},{\"@type\":\"Person\",\"@id\":\"https:\/\/www.unirentalcar.it\/#\/schema\/person\/8a97428ef97fc628dae4282be2c17646\",\"name\":\"admin8341\",\"image\":{\"@type\":\"ImageObject\",\"@id\":\"https:\/\/www.unirentalcar.it\/#personlogo\",\"inLanguage\":\"it-IT\",\"url\":\"https:\/\/secure.gravatar.com\/avatar\/741c6fc5e99896102d5c77a3114d4637?s=96&d=mm&r=g\",\"contentUrl\":\"https:\/\/secure.gravatar.com\/avatar\/741c6fc5e99896102d5c77a3114d4637?s=96&d=mm&r=g\",\"caption\":\"admin8341\"},\"sameAs\":[\"http:\/\/www.unirentalcar.it\"],\"url\":\"https:\/\/www.unirentalcar.it\/index.php\/author\/admin8341\/\"}]}<\/script>\n<!-- \/ Yoast SEO plugin. -->","_links":{"self":[{"href":"https:\/\/www.unirentalcar.it\/index.php\/wp-json\/wp\/v2\/posts\/1099"}],"collection":[{"href":"https:\/\/www.unirentalcar.it\/index.php\/wp-json\/wp\/v2\/posts"}],"about":[{"href":"https:\/\/www.unirentalcar.it\/index.php\/wp-json\/wp\/v2\/types\/post"}],"author":[{"embeddable":true,"href":"https:\/\/www.unirentalcar.it\/index.php\/wp-json\/wp\/v2\/users\/1"}],"replies":[{"embeddable":true,"href":"https:\/\/www.unirentalcar.it\/index.php\/wp-json\/wp\/v2\/comments?post=1099"}],"version-history":[{"count":2,"href":"https:\/\/www.unirentalcar.it\/index.php\/wp-json\/wp\/v2\/posts\/1099\/revisions"}],"predecessor-version":[{"id":1208,"href":"https:\/\/www.unirentalcar.it\/index.php\/wp-json\/wp\/v2\/posts\/1099\/revisions\/1208"}],"wp:featuredmedia":[{"embeddable":true,"href":"https:\/\/www.unirentalcar.it\/index.php\/wp-json\/wp\/v2\/media\/1101"}],"wp:attachment":[{"href":"https:\/\/www.unirentalcar.it\/index.php\/wp-json\/wp\/v2\/media?parent=1099"}],"wp:term":[{"taxonomy":"category","embeddable":true,"href":"https:\/\/www.unirentalcar.it\/index.php\/wp-json\/wp\/v2\/categories?post=1099"},{"taxonomy":"post_tag","embeddable":true,"href":"https:\/\/www.unirentalcar.it\/index.php\/wp-json\/wp\/v2\/tags?post=1099"}],"curies":[{"name":"wp","href":"https:\/\/api.w.org\/{rel}","templated":true}]}}